{"id":318,"date":"2018-11-10T16:08:28","date_gmt":"2018-11-10T16:08:28","guid":{"rendered":"http:\/\/buch.modernklusion.de\/?p=318"},"modified":"2018-11-10T16:09:04","modified_gmt":"2018-11-10T16:09:04","slug":"der-aerger-mit-dem-leistungstraeger","status":"publish","type":"post","link":"http:\/\/buch.modernklusion.de\/?p=318","title":{"rendered":"Der \u00c4rger mit dem Leistungstr\u00e4ger"},"content":{"rendered":"<p>Wie ich gerade schon auf www.modernklusion.de publiziert habe &#8211; ist es zurzeit wieder an einem Punkt &#8211; wo ich ohne Unterst\u00fctzung darstehe!<\/p>\n<p>Wie soll man damit umgegehen?<\/p>\n<p>Ich wei\u00df, viele von Euch m\u00fcssen das durchstehen. Also sch\u00e4tze ich, dass ein Anwalt wieder f\u00fcr mich t\u00e4tig werden muss. Schaut selbst [<a href=\"http:\/\/modernklusion.de\/?p=549\" target=\"_blank\" rel=\"noopener\">Link zu modernklusion<\/a>]<\/p>\n","protected":false},"excerpt":{"rendered":"<p>Wie ich gerade schon auf www.modernklusion.de publiziert habe &#8211; ist es zurzeit wieder an einem Punkt &#8211; wo ich ohne<\/p>\n","protected":false},"author":1,"featured_media":0,"comment_status":"open","ping_status":"open","sticky":false,"template":"","format":"standard","meta":{"footnotes":""},"categories":[4],"tags":[],"_links":{"self":[{"href":"http:\/\/buch.modernklusion.de\/index.php?rest_route=\/wp\/v2\/posts\/318"}],"collection":[{"href":"http:\/\/buch.modernklusion.de\/index.php?rest_route=\/wp\/v2\/posts"}],"about":[{"href":"http:\/\/buch.modernklusion.de\/index.php?rest_route=\/wp\/v2\/types\/post"}],"author":[{"embeddable":true,"href":"http:\/\/buch.modernklusion.de\/index.php?rest_route=\/wp\/v2\/users\/1"}],"replies":[{"embeddable":true,"href":"http:\/\/buch.modernklusion.de\/index.php?rest_route=%2Fwp%2Fv2%2Fcomments&post=318"}],"version-history":[{"count":2,"href":"http:\/\/buch.modernklusion.de\/index.php?rest_route=\/wp\/v2\/posts\/318\/revisions"}],"predecessor-version":[{"id":320,"href":"http:\/\/buch.modernklusion.de\/index.php?rest_route=\/wp\/v2\/posts\/318\/revisions\/320"}],"wp:attachment":[{"href":"http:\/\/buch.modernklusion.de\/index.php?rest_route=%2Fwp%2Fv2%2Fmedia&parent=318"}],"wp:term":[{"taxonomy":"category","embeddable":true,"href":"http:\/\/buch.modernklusion.de\/index.php?rest_route=%2Fwp%2Fv2%2Fcategories&post=318"},{"taxonomy":"post_tag","embeddable":true,"href":"http:\/\/buch.modernklusion.de\/index.php?rest_route=%2Fwp%2Fv2%2Ftags&post=318"}],"curies":[{"name":"wp","href":"https:\/\/api.w.org\/{rel}","templated":true}]}}