{"id":144,"date":"2017-12-09T12:50:14","date_gmt":"2017-12-09T12:50:14","guid":{"rendered":"http:\/\/buch.modernklusion.de\/?p=144"},"modified":"2017-12-09T12:50:14","modified_gmt":"2017-12-09T12:50:14","slug":"mein-ich-starte","status":"publish","type":"post","link":"http:\/\/buch.modernklusion.de\/?p=144","title":{"rendered":"Mein &#8211; ich starte!"},"content":{"rendered":"<p>Nun geht es los.<\/p>\n<p>Meine Idee f\u00fcr ein Buch werde ich als Online-Resource ver\u00f6ffentlichen. Denn ich dachte zum einen, dass ich dann schneller interaktive etwas \u00e4ndern kann und zweitens, weil ich mit diesem Angebot ein Zeichen setzen will, in dem ich Papier spare. Denn seit dem Umbruch des B\u00fcros 2.0 wird meiner Meinung nach noch mehr Papier verbraucht. Oder?<\/p>\n<p>Dann ab in die Vollen!!!<\/p>\n","protected":false},"excerpt":{"rendered":"<p>Nun geht es los. Meine Idee f\u00fcr ein Buch werde ich als Online-Resource ver\u00f6ffentlichen. Denn ich dachte zum einen, dass<\/p>\n","protected":false},"author":1,"featured_media":0,"comment_status":"open","ping_status":"open","sticky":false,"template":"","format":"standard","meta":{"footnotes":""},"categories":[4],"tags":[],"_links":{"self":[{"href":"http:\/\/buch.modernklusion.de\/index.php?rest_route=\/wp\/v2\/posts\/144"}],"collection":[{"href":"http:\/\/buch.modernklusion.de\/index.php?rest_route=\/wp\/v2\/posts"}],"about":[{"href":"http:\/\/buch.modernklusion.de\/index.php?rest_route=\/wp\/v2\/types\/post"}],"author":[{"embeddable":true,"href":"http:\/\/buch.modernklusion.de\/index.php?rest_route=\/wp\/v2\/users\/1"}],"replies":[{"embeddable":true,"href":"http:\/\/buch.modernklusion.de\/index.php?rest_route=%2Fwp%2Fv2%2Fcomments&post=144"}],"version-history":[{"count":1,"href":"http:\/\/buch.modernklusion.de\/index.php?rest_route=\/wp\/v2\/posts\/144\/revisions"}],"predecessor-version":[{"id":145,"href":"http:\/\/buch.modernklusion.de\/index.php?rest_route=\/wp\/v2\/posts\/144\/revisions\/145"}],"wp:attachment":[{"href":"http:\/\/buch.modernklusion.de\/index.php?rest_route=%2Fwp%2Fv2%2Fmedia&parent=144"}],"wp:term":[{"taxonomy":"category","embeddable":true,"href":"http:\/\/buch.modernklusion.de\/index.php?rest_route=%2Fwp%2Fv2%2Fcategories&post=144"},{"taxonomy":"post_tag","embeddable":true,"href":"http:\/\/buch.modernklusion.de\/index.php?rest_route=%2Fwp%2Fv2%2Ftags&post=144"}],"curies":[{"name":"wp","href":"https:\/\/api.w.org\/{rel}","templated":true}]}}